{"id":948,"date":"2021-10-22T12:30:38","date_gmt":"2021-10-22T10:30:38","guid":{"rendered":"https:\/\/nachhaltig-wirtschaften-mitteldeutschland.de\/?p=948"},"modified":"2021-10-22T12:30:38","modified_gmt":"2021-10-22T10:30:38","slug":"4-netzwerktreffen","status":"publish","type":"post","link":"https:\/\/nachhaltig-wirtschaften-mitteldeutschland.de\/startseite\/4-netzwerktreffen\/","title":{"rendered":"4. Netzwerktreffen"},"content":{"rendered":"<p>Am 3. Juni 2021 fand unser 4. Netzwerktreffen Online statt. Im Mittelpunkt standen:<\/p>\n<ul>\n<li>Initiativen f\u00fcr eine regional-nachhaltige Lebensmittelversorgung<\/li>\n<li>und die Pyrolyse von Biomasse zur Bodenverbesserung auf kommunalen Fl\u00e4chen.<\/li>\n<li>Aus der Praxis: Vorgestellt wurde, wie bereits heute moderne H\u00e4user aus Stroh nachhaltig gebaut werden k\u00f6nnen. Das erste Strohhaus aus Frankreich ist \u00fcbrigens schon 100 Jahre alt.<\/li>\n<\/ul>\n<p>Nach so vielen Inhalten kam das Netzwerken dieses Mal leider in nur einer \u201cKaffeerunde\u201d etwas kurz \u2013 dass werden wir das n\u00e4chste Mal besser machen.<\/p>\n<p>Das 5. Netzwerktreffen wird Online am 1. M\u00e4rz 2022 stattfinden.<\/p>\n","protected":false},"excerpt":{"rendered":"<p>Am 3. Juni 2021 fand unser 4. Netzwerktreffen Online statt. Im Mittelpunkt standen: Initiativen f\u00fcr eine regional-nachhaltige Lebensmittelversorgung und die Pyrolyse von Biomasse zur Bodenverbesserung auf kommunalen Fl\u00e4chen. Aus der [&hellip;]<\/p>\n","protected":false},"author":3,"featured_media":0,"comment_status":"closed","ping_status":"closed","sticky":false,"template":"","format":"standard","meta":{"footnotes":""},"categories":[1,4],"tags":[],"_links":{"self":[{"href":"https:\/\/nachhaltig-wirtschaften-mitteldeutschland.de\/startseite\/wp-json\/wp\/v2\/posts\/948"}],"collection":[{"href":"https:\/\/nachhaltig-wirtschaften-mitteldeutschland.de\/startseite\/wp-json\/wp\/v2\/posts"}],"about":[{"href":"https:\/\/nachhaltig-wirtschaften-mitteldeutschland.de\/startseite\/wp-json\/wp\/v2\/types\/post"}],"author":[{"embeddable":true,"href":"https:\/\/nachhaltig-wirtschaften-mitteldeutschland.de\/startseite\/wp-json\/wp\/v2\/users\/3"}],"replies":[{"embeddable":true,"href":"https:\/\/nachhaltig-wirtschaften-mitteldeutschland.de\/startseite\/wp-json\/wp\/v2\/comments?post=948"}],"version-history":[{"count":1,"href":"https:\/\/nachhaltig-wirtschaften-mitteldeutschland.de\/startseite\/wp-json\/wp\/v2\/posts\/948\/revisions"}],"predecessor-version":[{"id":949,"href":"https:\/\/nachhaltig-wirtschaften-mitteldeutschland.de\/startseite\/wp-json\/wp\/v2\/posts\/948\/revisions\/949"}],"wp:attachment":[{"href":"https:\/\/nachhaltig-wirtschaften-mitteldeutschland.de\/startseite\/wp-json\/wp\/v2\/media?parent=948"}],"wp:term":[{"taxonomy":"category","embeddable":true,"href":"https:\/\/nachhaltig-wirtschaften-mitteldeutschland.de\/startseite\/wp-json\/wp\/v2\/categories?post=948"},{"taxonomy":"post_tag","embeddable":true,"href":"https:\/\/nachhaltig-wirtschaften-mitteldeutschland.de\/startseite\/wp-json\/wp\/v2\/tags?post=948"}],"curies":[{"name":"wp","href":"https:\/\/api.w.org\/{rel}","templated":true}]}}